{"id":2076,"date":"2026-08-28T10:54:50","date_gmt":"2026-08-28T14:54:50","guid":{"rendered":"https:\/\/lavireetrad.com\/mobile-bistro-le-naufrageur\/"},"modified":"2026-08-28T10:54:50","modified_gmt":"2026-08-28T14:54:50","slug":"mobile-bistro-le-naufrageur","status":"publish","type":"post","link":"https:\/\/lavireetrad.com\/en\/mobile-bistro-le-naufrageur\/","title":{"rendered":"Mobile Bistro | Le Naufrageur"},"content":{"rendered":"<p>Le Naufrageur microbrewery will be on-site at the festival on Saturday and Sunday with its famous mobile bistro!<\/p>\n<h2>Opening hours<\/h2>\n<h3>Saturday, October 10<\/h3>\n<ul>\n<li>10:00 AM &#8211; 5:00 PM (Outdoor site)<\/li>\n<\/ul>\n<h3>Sunday, October 11<\/h3>\n<ul>\n<li>10:00 AM &#8211; 5:00 PM (Outdoor site)<\/li>\n<\/ul>\n","protected":false},"excerpt":{"rendered":"<p>Le Naufrageur microbrewery will be on-site at the festival on Saturday and Sunday with its famous mobile bistro! Opening hours Saturday, October 10 10:00 AM &#8211; 5:00 PM (Outdoor site) Sunday, October 11 10:00 AM &#8211; 5:00 PM (Outdoor site)<\/p>\n","protected":false},"author":2,"featured_media":2077,"comment_status":"closed","ping_status":"open","sticky":false,"template":"","format":"standard","meta":{"_acf_changed":false,"_et_pb_use_builder":"","_et_pb_old_content":"","_et_gb_content_width":"","footnotes":""},"categories":[62],"tags":[],"post_folder":[],"class_list":["post-2076","post","type-post","status-publish","format-standard","has-post-thumbnail","hentry","category-food-service"],"acf":[],"yoast_head":"<!-- This site is optimized with the Yoast SEO plugin v28.4 - https:\/\/yoast.com\/product\/yoast-seo-wordpress\/ -->\n<title>Mobile Bistro | Le Naufrageur - La Vir\u00e9e trad<\/title>\n<meta name=\"description\" content=\"Festival La Vir\u00e9e Trad \u00e0 Carleton-sur-Mer\" \/>\n<meta name=\"robots\" content=\"index, follow, max-snippet:-1, max-image-preview:large, max-video-preview:-1\" \/>\n<link rel=\"canonical\" href=\"https:\/\/lavireetrad.com\/en\/mobile-bistro-le-naufrageur\/\" \/>\n<meta property=\"og:locale\" content=\"en_US\" \/>\n<meta property=\"og:type\" content=\"article\" \/>\n<meta property=\"og:title\" content=\"Mobile Bistro | Le Naufrageur - La Vir\u00e9e trad\" \/>\n<meta property=\"og:description\" content=\"Festival La Vir\u00e9e Trad \u00e0 Carleton-sur-Mer\" \/>\n<meta property=\"og:url\" content=\"https:\/\/lavireetrad.com\/en\/mobile-bistro-le-naufrageur\/\" \/>\n<meta property=\"og:site_name\" content=\"La Vir\u00e9e trad\" \/>\n<meta property=\"article:publisher\" content=\"https:\/\/www.facebook.com\/FestivalLaVireeTrad\" \/>\n<meta property=\"article:published_time\" content=\"2026-08-28T14:54:50+00:00\" \/>\n<meta property=\"og:image\" content=\"https:\/\/lavireetrad.com\/wp-content\/uploads\/2026\/08\/Naufrageur-1.webp\" \/>\n\t<meta property=\"og:image:width\" content=\"735\" \/>\n\t<meta property=\"og:image:height\" content=\"468\" \/>\n\t<meta property=\"og:image:type\" content=\"image\/webp\" \/>\n<meta name=\"author\" content=\"Jean-Christophe\" \/>\n<meta name=\"twitter:card\" content=\"summary_large_image\" \/>\n<meta name=\"twitter:label1\" content=\"Written by\" \/>\n\t<meta name=\"twitter:data1\" content=\"Jean-Christophe\" \/>\n<script type=\"application\/ld+json\" class=\"yoast-schema-graph\">{\"@context\":\"https:\\\/\\\/schema.org\",\"@graph\":[{\"@type\":\"Article\",\"@id\":\"https:\\\/\\\/lavireetrad.com\\\/en\\\/mobile-bistro-le-naufrageur\\\/#article\",\"isPartOf\":{\"@id\":\"https:\\\/\\\/lavireetrad.com\\\/en\\\/mobile-bistro-le-naufrageur\\\/\"},\"author\":{\"name\":\"Jean-Christophe\",\"@id\":\"https:\\\/\\\/lavireetrad.com\\\/en\\\/#\\\/schema\\\/person\\\/7a2a6e03c8fe731562660cf6e3ead978\"},\"headline\":\"Mobile Bistro | Le Naufrageur\",\"datePublished\":\"2026-08-28T14:54:50+00:00\",\"mainEntityOfPage\":{\"@id\":\"https:\\\/\\\/lavireetrad.com\\\/en\\\/mobile-bistro-le-naufrageur\\\/\"},\"wordCount\":38,\"publisher\":{\"@id\":\"https:\\\/\\\/lavireetrad.com\\\/en\\\/#organization\"},\"image\":{\"@id\":\"https:\\\/\\\/lavireetrad.com\\\/en\\\/mobile-bistro-le-naufrageur\\\/#primaryimage\"},\"thumbnailUrl\":\"https:\\\/\\\/lavireetrad.com\\\/wp-content\\\/uploads\\\/2026\\\/08\\\/Naufrageur-1.webp\",\"articleSection\":[\"Food Service\"],\"inLanguage\":\"en-US\"},{\"@type\":\"WebPage\",\"@id\":\"https:\\\/\\\/lavireetrad.com\\\/en\\\/mobile-bistro-le-naufrageur\\\/\",\"url\":\"https:\\\/\\\/lavireetrad.com\\\/en\\\/mobile-bistro-le-naufrageur\\\/\",\"name\":\"Mobile Bistro | Le Naufrageur - La Vir\u00e9e trad\",\"isPartOf\":{\"@id\":\"https:\\\/\\\/lavireetrad.com\\\/en\\\/#website\"},\"primaryImageOfPage\":{\"@id\":\"https:\\\/\\\/lavireetrad.com\\\/en\\\/mobile-bistro-le-naufrageur\\\/#primaryimage\"},\"image\":{\"@id\":\"https:\\\/\\\/lavireetrad.com\\\/en\\\/mobile-bistro-le-naufrageur\\\/#primaryimage\"},\"thumbnailUrl\":\"https:\\\/\\\/lavireetrad.com\\\/wp-content\\\/uploads\\\/2026\\\/08\\\/Naufrageur-1.webp\",\"datePublished\":\"2026-08-28T14:54:50+00:00\",\"description\":\"Festival La Vir\u00e9e Trad \u00e0 Carleton-sur-Mer\",\"breadcrumb\":{\"@id\":\"https:\\\/\\\/lavireetrad.com\\\/en\\\/mobile-bistro-le-naufrageur\\\/#breadcrumb\"},\"inLanguage\":\"en-US\",\"potentialAction\":[{\"@type\":\"ReadAction\",\"target\":[\"https:\\\/\\\/lavireetrad.com\\\/en\\\/mobile-bistro-le-naufrageur\\\/\"]}]},{\"@type\":\"ImageObject\",\"inLanguage\":\"en-US\",\"@id\":\"https:\\\/\\\/lavireetrad.com\\\/en\\\/mobile-bistro-le-naufrageur\\\/#primaryimage\",\"url\":\"https:\\\/\\\/lavireetrad.com\\\/wp-content\\\/uploads\\\/2026\\\/08\\\/Naufrageur-1.webp\",\"contentUrl\":\"https:\\\/\\\/lavireetrad.com\\\/wp-content\\\/uploads\\\/2026\\\/08\\\/Naufrageur-1.webp\",\"width\":735,\"height\":468},{\"@type\":\"BreadcrumbList\",\"@id\":\"https:\\\/\\\/lavireetrad.com\\\/en\\\/mobile-bistro-le-naufrageur\\\/#breadcrumb\",\"itemListElement\":[{\"@type\":\"ListItem\",\"position\":1,\"name\":\"Accueil\",\"item\":\"https:\\\/\\\/lavireetrad.com\\\/en\\\/home\\\/\"},{\"@type\":\"ListItem\",\"position\":2,\"name\":\"Mobile Bistro | Le Naufrageur\"}]},{\"@type\":\"WebSite\",\"@id\":\"https:\\\/\\\/lavireetrad.com\\\/en\\\/#website\",\"url\":\"https:\\\/\\\/lavireetrad.com\\\/en\\\/\",\"name\":\"Festival La Vir\u00e9e Trad | Carleton-sur-Mer\",\"description\":\"Festival de musique traditionnelle \u00e0 Carleton-sur-Mer, en Gasp\u00e9sie\",\"publisher\":{\"@id\":\"https:\\\/\\\/lavireetrad.com\\\/en\\\/#organization\"},\"alternateName\":\"Festival La Vir\u00e9e Trad | Carleton-sur-Mer\",\"potentialAction\":[{\"@type\":\"SearchAction\",\"target\":{\"@type\":\"EntryPoint\",\"urlTemplate\":\"https:\\\/\\\/lavireetrad.com\\\/en\\\/?s={search_term_string}\"},\"query-input\":{\"@type\":\"PropertyValueSpecification\",\"valueRequired\":true,\"valueName\":\"search_term_string\"}}],\"inLanguage\":\"en-US\"},{\"@type\":\"Organization\",\"@id\":\"https:\\\/\\\/lavireetrad.com\\\/en\\\/#organization\",\"name\":\"Festival La Vir\u00e9e Trad | Carleton-sur-Mer\",\"alternateName\":\"La Vir\u00e9e Trad\",\"url\":\"https:\\\/\\\/lavireetrad.com\\\/en\\\/\",\"logo\":{\"@type\":\"ImageObject\",\"inLanguage\":\"en-US\",\"@id\":\"https:\\\/\\\/lavireetrad.com\\\/en\\\/#\\\/schema\\\/logo\\\/image\\\/\",\"url\":\"https:\\\/\\\/lavireetrad.com\\\/wp-content\\\/uploads\\\/2026\\\/07\\\/logo-la-viree-trad-noir.jpg\",\"contentUrl\":\"https:\\\/\\\/lavireetrad.com\\\/wp-content\\\/uploads\\\/2026\\\/07\\\/logo-la-viree-trad-noir.jpg\",\"width\":415,\"height\":479,\"caption\":\"Festival La Vir\u00e9e Trad | Carleton-sur-Mer\"},\"image\":{\"@id\":\"https:\\\/\\\/lavireetrad.com\\\/en\\\/#\\\/schema\\\/logo\\\/image\\\/\"},\"sameAs\":[\"https:\\\/\\\/www.facebook.com\\\/FestivalLaVireeTrad\"]},{\"@type\":\"Person\",\"@id\":\"https:\\\/\\\/lavireetrad.com\\\/en\\\/#\\\/schema\\\/person\\\/7a2a6e03c8fe731562660cf6e3ead978\",\"name\":\"Jean-Christophe\",\"image\":{\"@type\":\"ImageObject\",\"inLanguage\":\"en-US\",\"@id\":\"https:\\\/\\\/secure.gravatar.com\\\/avatar\\\/caf7f6758d28d9e92d8aadc3c5570a380e2da8d2e1162aa033da3d6ea28d9a2e?s=96&d=mm&r=g\",\"url\":\"https:\\\/\\\/secure.gravatar.com\\\/avatar\\\/caf7f6758d28d9e92d8aadc3c5570a380e2da8d2e1162aa033da3d6ea28d9a2e?s=96&d=mm&r=g\",\"contentUrl\":\"https:\\\/\\\/secure.gravatar.com\\\/avatar\\\/caf7f6758d28d9e92d8aadc3c5570a380e2da8d2e1162aa033da3d6ea28d9a2e?s=96&d=mm&r=g\",\"caption\":\"Jean-Christophe\"},\"url\":\"https:\\\/\\\/lavireetrad.com\\\/en\\\/author\\\/adj-maximum90gmail-com\\\/\"}]}<\/script>\n<!-- \/ Yoast SEO plugin. -->","yoast_head_json":{"title":"Mobile Bistro | Le Naufrageur - La Vir\u00e9e trad","description":"Festival La Vir\u00e9e Trad \u00e0 Carleton-sur-Mer","robots":{"index":"index","follow":"follow","max-snippet":"max-snippet:-1","max-image-preview":"max-image-preview:large","max-video-preview":"max-video-preview:-1"},"canonical":"https:\/\/lavireetrad.com\/en\/mobile-bistro-le-naufrageur\/","og_locale":"en_US","og_type":"article","og_title":"Mobile Bistro | Le Naufrageur - La Vir\u00e9e trad","og_description":"Festival La Vir\u00e9e Trad \u00e0 Carleton-sur-Mer","og_url":"https:\/\/lavireetrad.com\/en\/mobile-bistro-le-naufrageur\/","og_site_name":"La Vir\u00e9e trad","article_publisher":"https:\/\/www.facebook.com\/FestivalLaVireeTrad","article_published_time":"2026-08-28T14:54:50+00:00","og_image":[{"width":735,"height":468,"url":"https:\/\/lavireetrad.com\/wp-content\/uploads\/2026\/08\/Naufrageur-1.webp","type":"image\/webp"}],"author":"Jean-Christophe","twitter_card":"summary_large_image","twitter_misc":{"Written by":"Jean-Christophe"},"schema":{"@context":"https:\/\/schema.org","@graph":[{"@type":"Article","@id":"https:\/\/lavireetrad.com\/en\/mobile-bistro-le-naufrageur\/#article","isPartOf":{"@id":"https:\/\/lavireetrad.com\/en\/mobile-bistro-le-naufrageur\/"},"author":{"name":"Jean-Christophe","@id":"https:\/\/lavireetrad.com\/en\/#\/schema\/person\/7a2a6e03c8fe731562660cf6e3ead978"},"headline":"Mobile Bistro | Le Naufrageur","datePublished":"2026-08-28T14:54:50+00:00","mainEntityOfPage":{"@id":"https:\/\/lavireetrad.com\/en\/mobile-bistro-le-naufrageur\/"},"wordCount":38,"publisher":{"@id":"https:\/\/lavireetrad.com\/en\/#organization"},"image":{"@id":"https:\/\/lavireetrad.com\/en\/mobile-bistro-le-naufrageur\/#primaryimage"},"thumbnailUrl":"https:\/\/lavireetrad.com\/wp-content\/uploads\/2026\/08\/Naufrageur-1.webp","articleSection":["Food Service"],"inLanguage":"en-US"},{"@type":"WebPage","@id":"https:\/\/lavireetrad.com\/en\/mobile-bistro-le-naufrageur\/","url":"https:\/\/lavireetrad.com\/en\/mobile-bistro-le-naufrageur\/","name":"Mobile Bistro | Le Naufrageur - La Vir\u00e9e trad","isPartOf":{"@id":"https:\/\/lavireetrad.com\/en\/#website"},"primaryImageOfPage":{"@id":"https:\/\/lavireetrad.com\/en\/mobile-bistro-le-naufrageur\/#primaryimage"},"image":{"@id":"https:\/\/lavireetrad.com\/en\/mobile-bistro-le-naufrageur\/#primaryimage"},"thumbnailUrl":"https:\/\/lavireetrad.com\/wp-content\/uploads\/2026\/08\/Naufrageur-1.webp","datePublished":"2026-08-28T14:54:50+00:00","description":"Festival La Vir\u00e9e Trad \u00e0 Carleton-sur-Mer","breadcrumb":{"@id":"https:\/\/lavireetrad.com\/en\/mobile-bistro-le-naufrageur\/#breadcrumb"},"inLanguage":"en-US","potentialAction":[{"@type":"ReadAction","target":["https:\/\/lavireetrad.com\/en\/mobile-bistro-le-naufrageur\/"]}]},{"@type":"ImageObject","inLanguage":"en-US","@id":"https:\/\/lavireetrad.com\/en\/mobile-bistro-le-naufrageur\/#primaryimage","url":"https:\/\/lavireetrad.com\/wp-content\/uploads\/2026\/08\/Naufrageur-1.webp","contentUrl":"https:\/\/lavireetrad.com\/wp-content\/uploads\/2026\/08\/Naufrageur-1.webp","width":735,"height":468},{"@type":"BreadcrumbList","@id":"https:\/\/lavireetrad.com\/en\/mobile-bistro-le-naufrageur\/#breadcrumb","itemListElement":[{"@type":"ListItem","position":1,"name":"Accueil","item":"https:\/\/lavireetrad.com\/en\/home\/"},{"@type":"ListItem","position":2,"name":"Mobile Bistro | Le Naufrageur"}]},{"@type":"WebSite","@id":"https:\/\/lavireetrad.com\/en\/#website","url":"https:\/\/lavireetrad.com\/en\/","name":"Festival La Vir\u00e9e Trad | Carleton-sur-Mer","description":"Festival de musique traditionnelle \u00e0 Carleton-sur-Mer, en Gasp\u00e9sie","publisher":{"@id":"https:\/\/lavireetrad.com\/en\/#organization"},"alternateName":"Festival La Vir\u00e9e Trad | Carleton-sur-Mer","potentialAction":[{"@type":"SearchAction","target":{"@type":"EntryPoint","urlTemplate":"https:\/\/lavireetrad.com\/en\/?s={search_term_string}"},"query-input":{"@type":"PropertyValueSpecification","valueRequired":true,"valueName":"search_term_string"}}],"inLanguage":"en-US"},{"@type":"Organization","@id":"https:\/\/lavireetrad.com\/en\/#organization","name":"Festival La Vir\u00e9e Trad | Carleton-sur-Mer","alternateName":"La Vir\u00e9e Trad","url":"https:\/\/lavireetrad.com\/en\/","logo":{"@type":"ImageObject","inLanguage":"en-US","@id":"https:\/\/lavireetrad.com\/en\/#\/schema\/logo\/image\/","url":"https:\/\/lavireetrad.com\/wp-content\/uploads\/2026\/07\/logo-la-viree-trad-noir.jpg","contentUrl":"https:\/\/lavireetrad.com\/wp-content\/uploads\/2026\/07\/logo-la-viree-trad-noir.jpg","width":415,"height":479,"caption":"Festival La Vir\u00e9e Trad | Carleton-sur-Mer"},"image":{"@id":"https:\/\/lavireetrad.com\/en\/#\/schema\/logo\/image\/"},"sameAs":["https:\/\/www.facebook.com\/FestivalLaVireeTrad"]},{"@type":"Person","@id":"https:\/\/lavireetrad.com\/en\/#\/schema\/person\/7a2a6e03c8fe731562660cf6e3ead978","name":"Jean-Christophe","image":{"@type":"ImageObject","inLanguage":"en-US","@id":"https:\/\/secure.gravatar.com\/avatar\/caf7f6758d28d9e92d8aadc3c5570a380e2da8d2e1162aa033da3d6ea28d9a2e?s=96&d=mm&r=g","url":"https:\/\/secure.gravatar.com\/avatar\/caf7f6758d28d9e92d8aadc3c5570a380e2da8d2e1162aa033da3d6ea28d9a2e?s=96&d=mm&r=g","contentUrl":"https:\/\/secure.gravatar.com\/avatar\/caf7f6758d28d9e92d8aadc3c5570a380e2da8d2e1162aa033da3d6ea28d9a2e?s=96&d=mm&r=g","caption":"Jean-Christophe"},"url":"https:\/\/lavireetrad.com\/en\/author\/adj-maximum90gmail-com\/"}]}},"publishpress_future_action":{"enabled":false,"date":"2026-09-13 07:42:15","action":"change-status","newStatus":"draft","terms":[],"taxonomy":"category","extraData":[]},"publishpress_future_workflow_manual_trigger":{"enabledWorkflows":[]},"_links":{"self":[{"href":"https:\/\/lavireetrad.com\/en\/wp-json\/wp\/v2\/posts\/2076","targetHints":{"allow":["GET"]}}],"collection":[{"href":"https:\/\/lavireetrad.com\/en\/wp-json\/wp\/v2\/posts"}],"about":[{"href":"https:\/\/lavireetrad.com\/en\/wp-json\/wp\/v2\/types\/post"}],"author":[{"embeddable":true,"href":"https:\/\/lavireetrad.com\/en\/wp-json\/wp\/v2\/users\/2"}],"replies":[{"embeddable":true,"href":"https:\/\/lavireetrad.com\/en\/wp-json\/wp\/v2\/comments?post=2076"}],"version-history":[{"count":0,"href":"https:\/\/lavireetrad.com\/en\/wp-json\/wp\/v2\/posts\/2076\/revisions"}],"wp:featuredmedia":[{"embeddable":true,"href":"https:\/\/lavireetrad.com\/en\/wp-json\/wp\/v2\/media\/2077"}],"wp:attachment":[{"href":"https:\/\/lavireetrad.com\/en\/wp-json\/wp\/v2\/media?parent=2076"}],"wp:term":[{"taxonomy":"category","embeddable":true,"href":"https:\/\/lavireetrad.com\/en\/wp-json\/wp\/v2\/categories?post=2076"},{"taxonomy":"post_tag","embeddable":true,"href":"https:\/\/lavireetrad.com\/en\/wp-json\/wp\/v2\/tags?post=2076"},{"taxonomy":"post_folder","embeddable":true,"href":"https:\/\/lavireetrad.com\/en\/wp-json\/wp\/v2\/post_folder?post=2076"}],"curies":[{"name":"wp","href":"https:\/\/api.w.org\/{rel}","templated":true}]}}